{"id":603,"date":"2017-06-06T15:00:26","date_gmt":"2017-06-06T15:00:26","guid":{"rendered":"https:\/\/www.sespitreras.com\/blog\/?p=603"},"modified":"2020-11-24T10:04:40","modified_gmt":"2020-11-24T10:04:40","slug":"hot-list-verano-2017","status":"publish","type":"post","link":"https:\/\/www.sespitreras.com\/blog\/2017\/06\/hot-list-verano-2017\/","title":{"rendered":"Hot List &#8211; Verano 2017"},"content":{"rendered":"<p dir=\"ltr\" style=\"text-align: justify;\">Este verano 2017 la isla de Ibiza est\u00e1 en pleno apogeo, aunque cierto es que lleva varios a\u00f1os de continuo crecimiento, este verano que est\u00e1 por llegar ser\u00e1 m\u00e1s Ibiza que nunca. Se estima que recibiremos m\u00e1s de nueve millones de turistas de todas partes del mundo, lo que supone, de nuevo, un r\u00e9cord. <!--more-->Para ello la isla se pone guapa y se prepara para recibir a todos esos turistas expectantes de conocer la isla. Si vosotros sois unos de esos m\u00e1s de 9 millones no pod\u00e9is perderos esta Hot list 2017 que en Ses Pitreras hemos preparado para t\u00ed. Apunta estos sitios clave y ser\u00e1s la envidia de los tuyos.<\/p>\n<p dir=\"ltr\" style=\"text-align: justify;\"><a class=\"fancybox\" title=\"\" href=\"https:\/\/www.sespitreras.com\/blog\/wp-content\/uploads\/2017\/06\/TATEL-IBIZA-JOSE-SALTO-171.jpg\"><img loading=\"lazy\" class=\"alignnone size-large wp-image-612\" alt=\"TATEL-IBIZA-JOSE-SALTO-17\" src=\"https:\/\/www.sespitreras.com\/blog\/wp-content\/uploads\/2017\/06\/TATEL-IBIZA-JOSE-SALTO-171-1024x683.jpg\" width=\"900\" height=\"600\" srcset=\"https:\/\/www.sespitreras.com\/blog\/wp-content\/uploads\/2017\/06\/TATEL-IBIZA-JOSE-SALTO-171-1024x683.jpg 1024w, https:\/\/www.sespitreras.com\/blog\/wp-content\/uploads\/2017\/06\/TATEL-IBIZA-JOSE-SALTO-171-300x200.jpg 300w, https:\/\/www.sespitreras.com\/blog\/wp-content\/uploads\/2017\/06\/TATEL-IBIZA-JOSE-SALTO-171-900x600.jpg 900w, https:\/\/www.sespitreras.com\/blog\/wp-content\/uploads\/2017\/06\/TATEL-IBIZA-JOSE-SALTO-171-450x300.jpg 450w\" sizes=\"(max-width: 900px) 100vw, 900px\" \/><\/a><\/p>\n<p dir=\"ltr\" style=\"text-align: justify;\"><a href=\"http:\/\/www.tatelrestaurants.com\/ibiza\/\">Restaurante Tatel<\/a><\/p>\n<p dir=\"ltr\" style=\"text-align: justify;\">A finales de abril entre Ushuaia y Hard Rock Hotel, abri\u00f3 sus puertas este ambicioso proyecto liderado por Rafa Nadal, Enrique Iglesias y Pau Gasol (seguro que te suenan de algo\u2026) Un lugar de 1400m dedicados a la gastronom\u00eda tradicional espa\u00f1ola. Cuenta con una fant\u00e1stica terraza a pie de playa y m\u00fasica en directo donde la oferta coctelera es totalmente vanguardista y de m\u00e1xima calidad.<\/p>\n<p dir=\"ltr\"><a class=\"fancybox\" title=\"\" href=\"https:\/\/www.sespitreras.com\/blog\/wp-content\/uploads\/2017\/06\/chirin.jpg\"><img loading=\"lazy\" class=\"alignnone size-full wp-image-627\" alt=\"chirin\" src=\"https:\/\/www.sespitreras.com\/blog\/wp-content\/uploads\/2017\/06\/chirin.jpg\" width=\"900\" height=\"562\" srcset=\"https:\/\/www.sespitreras.com\/blog\/wp-content\/uploads\/2017\/06\/chirin.jpg 900w, https:\/\/www.sespitreras.com\/blog\/wp-content\/uploads\/2017\/06\/chirin-300x187.jpg 300w\" sizes=\"(max-width: 900px) 100vw, 900px\" \/><\/a><\/p>\n<p dir=\"ltr\"><a href=\"http:\/\/www.elchiringuitoibiza.com\/\">El Chiringuito Es Cavallet<\/a><\/p>\n<p dir=\"ltr\" style=\"text-align: justify;\">Situado en una de las playas m\u00e1s bellas de toda Ibiza: La Playa de Es Cavallet. Un lugar lleno de cuidados detalles en suaves tonos esparto y blanco, lo cual hace que estar aqu\u00ed sea una experiencia muy agradable. Si a todo su entorno le sumamos una cocina muy elaborada, llena de influencias italianas, espa\u00f1olas y francesas con platos de pescado fresco, trabajadas ensaladas y suculentas pastas obtenemos un resultado espectacular. Pasar un d\u00eda en una de sus hamacas probando sus zumos naturales y c\u00f3cteles puede ser una vigorizante experiencia.<\/p>\n<p dir=\"ltr\" style=\"text-align: justify;\"><a class=\"fancybox\" title=\"\" href=\"https:\/\/www.sespitreras.com\/blog\/wp-content\/uploads\/2017\/06\/Gastronomi\u0301a-y-Restauracio\u0301n-Hostal-La-Torre-Especiales-Diario-de-Ibiza-0001.jpg\"><img loading=\"lazy\" class=\"alignnone size-large wp-image-615\" alt=\"Gastronomi\u0301a-y-Restauracio\u0301n-Hostal-La-Torre-Especiales-Diario-de-Ibiza-0001\" src=\"https:\/\/www.sespitreras.com\/blog\/wp-content\/uploads\/2017\/06\/Gastronomi\u0301a-y-Restauracio\u0301n-Hostal-La-Torre-Especiales-Diario-de-Ibiza-0001-1024x682.jpg\" width=\"900\" height=\"599\" srcset=\"https:\/\/www.sespitreras.com\/blog\/wp-content\/uploads\/2017\/06\/Gastronomi\u0301a-y-Restauracio\u0301n-Hostal-La-Torre-Especiales-Diario-de-Ibiza-0001-1024x682.jpg 1024w, https:\/\/www.sespitreras.com\/blog\/wp-content\/uploads\/2017\/06\/Gastronomi\u0301a-y-Restauracio\u0301n-Hostal-La-Torre-Especiales-Diario-de-Ibiza-0001-300x199.jpg 300w, https:\/\/www.sespitreras.com\/blog\/wp-content\/uploads\/2017\/06\/Gastronomi\u0301a-y-Restauracio\u0301n-Hostal-La-Torre-Especiales-Diario-de-Ibiza-0001-900x599.jpg 900w, https:\/\/www.sespitreras.com\/blog\/wp-content\/uploads\/2017\/06\/Gastronomi\u0301a-y-Restauracio\u0301n-Hostal-La-Torre-Especiales-Diario-de-Ibiza-0001-450x300.jpg 450w, https:\/\/www.sespitreras.com\/blog\/wp-content\/uploads\/2017\/06\/Gastronomi\u0301a-y-Restauracio\u0301n-Hostal-La-Torre-Especiales-Diario-de-Ibiza-0001.jpg 1400w\" sizes=\"(max-width: 900px) 100vw, 900px\" \/><\/a><\/p>\n<p dir=\"ltr\" style=\"text-align: justify;\"><a href=\"http:\/\/www.latorreibiza.com\/es\/\">Hostal La Torre<\/a><\/p>\n<p dir=\"ltr\" style=\"text-align: justify;\">Un hostal con un encanto devastador. Seg\u00fan vas entrando por su pasarela de piedras rodeado de pinos y varias curiosidades, te vas acercando a su terraza y ya sientes el olor a mar y de repente \u00a1Guau! Menudas vistas\u2026 Es un sitio ideal para ver la puesta de sol acompa\u00f1ado de un cocktail o un zumo natural. Realmente encantador.<\/p>\n<p dir=\"ltr\" style=\"text-align: justify;\"><a class=\"fancybox\" title=\"\" href=\"https:\/\/www.sespitreras.com\/blog\/wp-content\/uploads\/2017\/06\/HI\u0308-Ibiza-Opening-Party-2017-Photos-02.jpg\"><img loading=\"lazy\" class=\"alignnone size-large wp-image-620\" alt=\"HI\u0308-Ibiza-Opening-Party-2017-Photos-02\" src=\"https:\/\/www.sespitreras.com\/blog\/wp-content\/uploads\/2017\/06\/HI\u0308-Ibiza-Opening-Party-2017-Photos-02-1024x682.jpg\" width=\"900\" height=\"599\" srcset=\"https:\/\/www.sespitreras.com\/blog\/wp-content\/uploads\/2017\/06\/HI\u0308-Ibiza-Opening-Party-2017-Photos-02-1024x682.jpg 1024w, https:\/\/www.sespitreras.com\/blog\/wp-content\/uploads\/2017\/06\/HI\u0308-Ibiza-Opening-Party-2017-Photos-02-300x199.jpg 300w, https:\/\/www.sespitreras.com\/blog\/wp-content\/uploads\/2017\/06\/HI\u0308-Ibiza-Opening-Party-2017-Photos-02-900x599.jpg 900w, https:\/\/www.sespitreras.com\/blog\/wp-content\/uploads\/2017\/06\/HI\u0308-Ibiza-Opening-Party-2017-Photos-02-450x300.jpg 450w, https:\/\/www.sespitreras.com\/blog\/wp-content\/uploads\/2017\/06\/HI\u0308-Ibiza-Opening-Party-2017-Photos-02.jpg 2048w\" sizes=\"(max-width: 900px) 100vw, 900px\" \/><\/a><\/p>\n<p dir=\"ltr\" style=\"text-align: justify;\"><a href=\"https:\/\/www.hiibiza.com\/es\">H\u00ef Ibiza<\/a><\/p>\n<p dir=\"ltr\" style=\"text-align: justify;\">Por \u00faltimo vamos a hablar de la nueva discoteca de este verano 2017&#8230; con mucha expectaci\u00f3n H\u00cf abr sus puertas el pasado 28 de mayo.. \u00bfd\u00f3nde? en el lugar que, durante 27 a\u00f1os, fue Space. Un nuevo espacio de culto a la m\u00fasica electr\u00f3nica que obtuvo un \u00e9xito rotundo en su Opening del que se habl\u00f3 en redes hasta la saciedad \u00bfpor qu\u00e9 ser\u00e1? Tendr\u00e9is que ir para averiguarlo.<\/p>\n","protected":false},"excerpt":{"rendered":"<p>Este verano 2017 la isla de Ibiza est\u00e1 en pleno apogeo, aunque cierto es que lleva varios a\u00f1os de continuo crecimiento, este verano que est\u00e1 por llegar ser\u00e1 m\u00e1s Ibiza que nunca. Se estima que recibiremos m\u00e1s de nueve millones de turistas de todas partes del mundo, lo que supone, de nuevo, un r\u00e9cord.<\/p>\n","protected":false},"author":1,"featured_media":616,"comment_status":"open","ping_status":"open","sticky":false,"template":"","format":"standard","meta":[],"categories":[23],"tags":[],"_links":{"self":[{"href":"https:\/\/www.sespitreras.com\/blog\/wp-json\/wp\/v2\/posts\/603"}],"collection":[{"href":"https:\/\/www.sespitreras.com\/blog\/wp-json\/wp\/v2\/posts"}],"about":[{"href":"https:\/\/www.sespitreras.com\/blog\/wp-json\/wp\/v2\/types\/post"}],"author":[{"embeddable":true,"href":"https:\/\/www.sespitreras.com\/blog\/wp-json\/wp\/v2\/users\/1"}],"replies":[{"embeddable":true,"href":"https:\/\/www.sespitreras.com\/blog\/wp-json\/wp\/v2\/comments?post=603"}],"version-history":[{"count":15,"href":"https:\/\/www.sespitreras.com\/blog\/wp-json\/wp\/v2\/posts\/603\/revisions"}],"predecessor-version":[{"id":831,"href":"https:\/\/www.sespitreras.com\/blog\/wp-json\/wp\/v2\/posts\/603\/revisions\/831"}],"wp:featuredmedia":[{"embeddable":true,"href":"https:\/\/www.sespitreras.com\/blog\/wp-json\/wp\/v2\/media\/616"}],"wp:attachment":[{"href":"https:\/\/www.sespitreras.com\/blog\/wp-json\/wp\/v2\/media?parent=603"}],"wp:term":[{"taxonomy":"category","embeddable":true,"href":"https:\/\/www.sespitreras.com\/blog\/wp-json\/wp\/v2\/categories?post=603"},{"taxonomy":"post_tag","embeddable":true,"href":"https:\/\/www.sespitreras.com\/blog\/wp-json\/wp\/v2\/tags?post=603"}],"curies":[{"name":"wp","href":"https:\/\/api.w.org\/{rel}","templated":true}]}}